{"id":4302,"date":"2016-05-05T16:33:19","date_gmt":"2016-05-05T19:33:19","guid":{"rendered":"http:\/\/cerbrum.com\/?p=4302"},"modified":"2016-05-05T16:33:19","modified_gmt":"2016-05-05T19:33:19","slug":"8-caracteristicas-que-valorizam-o-professor","status":"publish","type":"post","link":"https:\/\/cerbrum.com\/site\/8-caracteristicas-que-valorizam-o-professor\/","title":{"rendered":"8 CARACTER\u00cdSTICAS QUE VALORIZAM O PROFESSOR"},"content":{"rendered":"<blockquote>\n<div align=\"left\"><i>&#8220;A autoaliena\u00e7\u00e3o come\u00e7a quando acreditamos em tudo, e o pior, sem questionar nada&#8230;&#8221;<\/i><\/div>\n<\/blockquote>\n<div>\n<p style=\"text-align: center\"><b>Afinal de contas, o que valoriza um docente?<\/b><\/p>\n<\/div>\n<div class=\"destaque-foto-top-230\"><a href=\"http:\/\/cerbrum.com\/site\/wp-content\/uploads\/2016\/05\/professor-e-aluno01.jpg\" rel=\"attachment wp-att-4305\"><img loading=\"lazy\" decoding=\"async\" class=\"size-medium wp-image-4305 aligncenter\" src=\"http:\/\/cerbrum.com\/site\/wp-content\/uploads\/2016\/05\/professor-e-aluno01-300x300.jpg\" alt=\"Boy (8-9) holding apple behind back, looking at teacher in classroom, focus on boy\" width=\"300\" height=\"300\" srcset=\"https:\/\/cerbrum.com\/site\/wp-content\/uploads\/2016\/05\/professor-e-aluno01-300x300.jpg 300w, https:\/\/cerbrum.com\/site\/wp-content\/uploads\/2016\/05\/professor-e-aluno01-1024x1024.jpg 1024w, https:\/\/cerbrum.com\/site\/wp-content\/uploads\/2016\/05\/professor-e-aluno01-150x150.jpg 150w, https:\/\/cerbrum.com\/site\/wp-content\/uploads\/2016\/05\/professor-e-aluno01-768x768.jpg 768w, https:\/\/cerbrum.com\/site\/wp-content\/uploads\/2016\/05\/professor-e-aluno01-1536x1536.jpg 1536w, https:\/\/cerbrum.com\/site\/wp-content\/uploads\/2016\/05\/professor-e-aluno01.jpg 1732w\" sizes=\"auto, (max-width: 300px) 100vw, 300px\" \/><\/a><br \/>\nO Educador que n\u00e3o \u00e9 capaz de aprender com suas pr\u00f3prias limita\u00e7\u00f5es deve, com urg\u00eancia, mudar de profiss\u00e3o&#8230;<\/div>\n<p><b>A rede particular <\/b>n\u00e3o promove concursos para escolha do corpo docente, e \u00e9 criteriosa na hora da sele\u00e7\u00e3o. As escolas avaliam curr\u00edculos, fazem entrevistas detalhadas e observam as aulas ministradas pelos candidatos.<\/p>\n<p>O m\u00ednimo que esperam do professor \u00e9 que domine o conte\u00fado de sua disciplina, saiba planejar bem suas aulas e consiga avaliar seu aluno de maneira global. Mais isso n\u00e3o \u00e9 tudo.<\/p>\n<p>O Professor n\u00e3o baseia mais suas aulas unicamente no livro did\u00e1tico. Coment\u00e1rios sobre reportagens vistas pela turma no telejornal do dia anterior ou a an\u00e1lise das raz\u00f5es que levaram um aluno a praticar um ato de viol\u00eancia podem ser igualmente enriquecedores.<\/p>\n<p>Para dar conta de atividades como essas, o professor precisa estar muito bem preparado.<\/p>\n<p>Lembrando sempre que, independente dos pr\u00e9-requisitos que o mercado educacional estipula para seus pedagogos, cabe ao educador ter a consci\u00eancia de que a autorreciclagem \u00e9 uma necessidade e nunca um modismo.<\/p>\n<p><b>Pense da seguinte forma:<\/b> Se o mundo est\u00e1 em constante transforma\u00e7\u00e3o, e sendo o educador um agente disseminador dessas boas novas, o que significaria para ele se acomodar, escorar-se apenas na sua forma\u00e7\u00e3o b\u00e1sica, com as regras e os protocolos de uma pedagogia que aprendeu h\u00e1 muitos anos atr\u00e1s?<\/p>\n<div class=\"banner-336x280\" align=\"center\"><\/div>\n<p><b>A seguir, eis algumas caracter\u00edsticas e alguns requisitos referentes \u00e0 pr\u00e1tica do professor que s\u00e3o importantes nos dias atuais.<\/b><\/p>\n<p><a href=\"http:\/\/cerbrum.com\/site\/wp-content\/uploads\/2016\/05\/size_590_professora.jpg\" rel=\"attachment wp-att-4303\"><img loading=\"lazy\" decoding=\"async\" class=\"size-medium wp-image-4303 alignright\" src=\"http:\/\/cerbrum.com\/site\/wp-content\/uploads\/2016\/05\/size_590_professora-300x225.jpg\" alt=\"size_590_professora\" width=\"300\" height=\"225\" srcset=\"https:\/\/cerbrum.com\/site\/wp-content\/uploads\/2016\/05\/size_590_professora-300x225.jpg 300w, https:\/\/cerbrum.com\/site\/wp-content\/uploads\/2016\/05\/size_590_professora.jpg 590w\" sizes=\"auto, (max-width: 300px) 100vw, 300px\" \/><\/a><\/p>\n<div>\n<p><b>Experi\u00eancia Anterior<\/b><\/p>\n<\/div>\n<p>As escolas evitam contratar o professor que passa um ano em cada emprego, mudando constantemente de metodologia. Permanecer em uma escola o tempo suficiente para propor um trabalho e conclu\u00ed-lo \u00e9 essencial.<\/p>\n<div>\n<p><b>Conhecimento de Inform\u00e1tica<\/b><\/p>\n<\/div>\n<p>Na maioria das escolas particulares, desde a Educa\u00e7\u00e3o Infantil as crian\u00e7as t\u00eam aulas em laborat\u00f3rios de inform\u00e1tica.<br \/>\nN\u00e3o basta saber operar um computador.<br \/>\n\u00c9 preciso utiliz\u00e1-lo como uma ferramenta no desenvolvimento de habilidades e para enriquecer as aulas das diversas disciplinas do curr\u00edculo.<\/p>\n<div>\n<p><b>Leitura Variada<\/b><\/p>\n<\/div>\n<p>Ser bem informado \u00e9 requesito b\u00e1sico para qualquer professor. Como fonte de informa\u00e7\u00e3o, considere revistas, jornais e livros de literatura (essenciais para a forma\u00e7\u00e3o cultural).<br \/>\nObras sobre Educa\u00e7\u00e3o s\u00e3o um cap\u00edtulo \u00e0 parte.<br \/>\nPor meio desse tipo de leitura o docente pode se atualizar profissionalmente, conhecendo novas metodologias e os resultados das \u00faltimas pesquisas em sua \u00e1rea.<\/p>\n<div>\n<p><b>Atualiza\u00e7\u00e3o Constante<\/b><\/p>\n<\/div>\n<p>\u00c9 importante estar sempre se reciclando por meio de cursos ou da participa\u00e7\u00e3o em congressos e semin\u00e1rios.<br \/>\nOs temas podem ser relacionados \u00e0 disciplina espec\u00edfica lecionada pelo professor ou nesmo a assuntos mais gerais.<br \/>\nNesse ponto entram temas como a influ\u00eancia da TV sobre os jovens, a gravidez na adolesc\u00eancia, a sexualidade e as drogas, e assim por diante.<\/p>\n<div class=\"banner-336x280\" align=\"center\"><\/div>\n<div>\n<p><b>Postura Pessoal<\/b><\/p>\n<\/div>\n<p>Bom relacionamento com os colegas \u00e9 fundamental. Nesse ponto se inclui a capacidade de trabalhar em equipe.<br \/>\nO professor deve ter facilidade para estabelecer rela\u00e7\u00f5es entre seu trabalho e dos colegas. S\u00f3 assim a escola poder\u00e1 obter bons resultados em projetos interdisciplinares.<\/p>\n<div>\n<p><b>Dom\u00ednio de Classe<\/b><\/p>\n<\/div>\n<p>O Professor deve saber estabelecer regras junto com sua turma.<br \/>\nCabe a ele fazer valer essas regras de maneira justa e democr\u00e1tica.<br \/>\n\u00c9 preciso mostrar aos estudantes as consequ\u00eancias de suas atitudes na classe, na escola ou na sociedade.<\/p>\n<div>\n<p><b>Caracter\u00edsticas Pessoais<\/b><\/p>\n<\/div>\n<p>De acordo com a linha da escola, ser\u00e1 pedido um perfil do professor. Se a escola for cat\u00f3lica, escolher\u00e1 o professor que d\u00e1 import\u00e2ncia a valores como a solidariedade. Se for tradicional, escolher\u00e1 um professor de postura mais r\u00edgida.<br \/>\nPor\u00e9m, h\u00e1 caracter\u00edsticas valorizadas de maneira geral, como a criatividade, o dinamismo, a flexibilidade e a capacidade de adaptar-se a mudan\u00e7as.<\/p>\n<div>\n<p><b>Dom\u00ednio de L\u00ednguas<\/b><\/p>\n<\/div>\n<p>Saber Ingl\u00eas, principalmente para facilitar o acesso a fontes de informa\u00e7\u00e3o diversificadas, inclusive a Internet, tem sido cada vez mais importante.<\/p>\n<p><b>Fundamental, no entanto, \u00e9 falar e escrever corretamente o Portugu\u00eas.<\/b><\/p>\n<p><b>Fonte: <a href=\"http:\/\/www.uol.com.br\/fvc\/\">Funda\u00e7\u00e3o Victor Civita &#8211; S\u00e3o Paulo &#8211; Brasil<\/a><\/b><\/p>\n<p><em>http:\/\/sitededicas.ne10.uol.com.br\/caracteristicas-que-valorizam-o-professor.htm<\/em><\/p>\n","protected":false},"excerpt":{"rendered":"<p>&#8220;A autoaliena\u00e7\u00e3o come\u00e7a quando acreditamos em tudo, e o pior, sem questionar nada&#8230;&#8221; Afinal de contas, o que valoriza um docente? O Educador que n\u00e3o \u00e9 capaz de aprender com suas pr\u00f3prias limita\u00e7\u00f5es deve, com urg\u00eancia, mudar de profiss\u00e3o&#8230; A rede particular n\u00e3o promove concursos para escolha do corpo docente, e \u00e9 criteriosa na hora [&hellip;]<\/p>\n","protected":false},"author":1,"featured_media":4304,"comment_status":"open","ping_status":"open","sticky":false,"template":"","format":"standard","meta":{"_eb_attr":"","_uag_custom_page_level_css":"","site-sidebar-layout":"default","site-content-layout":"","ast-site-content-layout":"","site-content-style":"default","site-sidebar-style":"default","ast-global-header-display":"","ast-banner-title-visibility":"","ast-main-header-display":"","ast-hfb-above-header-display":"","ast-hfb-below-header-display":"","ast-hfb-mobile-header-display":"","site-post-title":"","ast-breadcrumbs-content":"","ast-featured-img":"","footer-sml-layout":"","theme-transparent-header-meta":"","adv-header-id-meta":"","stick-header-meta":"","header-above-stick-meta":"","header-main-stick-meta":"","header-below-stick-meta":"","astra-migrate-meta-layouts":"default","ast-page-background-enabled":"default","ast-page-background-meta":{"desktop":{"background-color":"var(--ast-global-color-4)","background-image":"","background-repeat":"repeat","background-position":"center center","background-size":"auto","background-attachment":"scroll","background-type":"","background-media":"","overlay-type":"","overlay-color":"","overlay-gradient":""},"tablet":{"background-color":"","background-image":"","background-repeat":"repeat","background-position":"center center","background-size":"auto","background-attachment":"scroll","background-type":"","background-media":"","overlay-type":"","overlay-color":"","overlay-gradient":""},"mobile":{"background-color":"","background-image":"","background-repeat":"repeat","background-position":"center center","background-size":"auto","background-attachment":"scroll","background-type":"","background-media":"","overlay-type":"","overlay-color":"","overlay-gradient":""}},"ast-content-background-meta":{"desktop":{"background-color":"var(--ast-global-color-5)","background-image":"","background-repeat":"repeat","background-position":"center center","background-size":"auto","background-attachment":"scroll","background-type":"","background-media":"","overlay-type":"","overlay-color":"","overlay-gradient":""},"tablet":{"background-color":"var(--ast-global-color-5)","background-image":"","background-repeat":"repeat","background-position":"center center","background-size":"auto","background-attachment":"scroll","background-type":"","background-media":"","overlay-type":"","overlay-color":"","overlay-gradient":""},"mobile":{"background-color":"var(--ast-global-color-5)","background-image":"","background-repeat":"repeat","background-position":"center center","background-size":"auto","background-attachment":"scroll","background-type":"","background-media":"","overlay-type":"","overlay-color":"","overlay-gradient":""}},"_joinchat":[],"footnotes":""},"categories":[70,31,50],"tags":[73,46,74,75],"class_list":["post-4302","post","type-post","status-publish","format-standard","has-post-thumbnail","hentry","category-cotidiano","category-educacao","category-marketing","tag-caracteristicas","tag-educacao","tag-porfessor","tag-valorizacao"],"yoast_head":"<!-- This site is optimized with the Yoast SEO plugin v28.4 - https:\/\/yoast.com\/product\/yoast-seo-wordpress\/ -->\n<title>8 CARACTER\u00cdSTICAS QUE VALORIZAM O PROFESSOR - Cerbrum<\/title>\n<meta name=\"robots\" content=\"index, follow, max-snippet:-1, max-image-preview:large, max-video-preview:-1\" \/>\n<link rel=\"canonical\" href=\"https:\/\/cerbrum.com\/site\/8-caracteristicas-que-valorizam-o-professor\/\" \/>\n<meta property=\"og:locale\" content=\"pt_BR\" \/>\n<meta property=\"og:type\" content=\"article\" \/>\n<meta property=\"og:title\" content=\"8 CARACTER\u00cdSTICAS QUE VALORIZAM O PROFESSOR - Cerbrum\" \/>\n<meta property=\"og:description\" content=\"&#8220;A autoaliena\u00e7\u00e3o come\u00e7a quando acreditamos em tudo, e o pior, sem questionar nada&#8230;&#8221; Afinal de contas, o que valoriza um docente? O Educador que n\u00e3o \u00e9 capaz de aprender com suas pr\u00f3prias limita\u00e7\u00f5es deve, com urg\u00eancia, mudar de profiss\u00e3o&#8230; A rede particular n\u00e3o promove concursos para escolha do corpo docente, e \u00e9 criteriosa na hora [&hellip;]\" \/>\n<meta property=\"og:url\" content=\"https:\/\/cerbrum.com\/site\/8-caracteristicas-que-valorizam-o-professor\/\" \/>\n<meta property=\"og:site_name\" content=\"Cerbrum\" \/>\n<meta property=\"article:published_time\" content=\"2016-05-05T19:33:19+00:00\" \/>\n<meta property=\"og:image\" content=\"https:\/\/cerbrum.com\/site\/wp-content\/uploads\/2016\/05\/O-fim-do-Professor-Palestrante-CANAL-DO-EDUCADOR.jpg\" \/>\n\t<meta property=\"og:image:width\" content=\"370\" \/>\n\t<meta property=\"og:image:height\" content=\"251\" \/>\n\t<meta property=\"og:image:type\" content=\"image\/jpeg\" \/>\n<meta name=\"author\" content=\"whatsite.me@gmail.com\" \/>\n<meta name=\"twitter:card\" content=\"summary_large_image\" \/>\n<meta name=\"twitter:label1\" content=\"Escrito por\" \/>\n\t<meta name=\"twitter:data1\" content=\"whatsite.me@gmail.com\" \/>\n\t<meta name=\"twitter:label2\" content=\"Est. tempo de leitura\" \/>\n\t<meta name=\"twitter:data2\" content=\"4 minutos\" \/>\n<script type=\"application\/ld+json\" class=\"yoast-schema-graph\">{\"@context\":\"https:\\\/\\\/schema.org\",\"@graph\":[{\"@type\":\"Article\",\"@id\":\"https:\\\/\\\/cerbrum.com\\\/site\\\/8-caracteristicas-que-valorizam-o-professor\\\/#article\",\"isPartOf\":{\"@id\":\"https:\\\/\\\/cerbrum.com\\\/site\\\/8-caracteristicas-que-valorizam-o-professor\\\/\"},\"author\":{\"name\":\"whatsite.me@gmail.com\",\"@id\":\"https:\\\/\\\/cerbrum.com\\\/site\\\/#\\\/schema\\\/person\\\/fde019585ffb539a6fb1b90c73eb5dc8\"},\"headline\":\"8 CARACTER\u00cdSTICAS QUE VALORIZAM O PROFESSOR\",\"datePublished\":\"2016-05-05T19:33:19+00:00\",\"mainEntityOfPage\":{\"@id\":\"https:\\\/\\\/cerbrum.com\\\/site\\\/8-caracteristicas-que-valorizam-o-professor\\\/\"},\"wordCount\":716,\"commentCount\":0,\"publisher\":{\"@id\":\"https:\\\/\\\/cerbrum.com\\\/site\\\/#organization\"},\"image\":{\"@id\":\"https:\\\/\\\/cerbrum.com\\\/site\\\/8-caracteristicas-que-valorizam-o-professor\\\/#primaryimage\"},\"thumbnailUrl\":\"https:\\\/\\\/cerbrum.com\\\/site\\\/wp-content\\\/uploads\\\/2016\\\/05\\\/O-fim-do-Professor-Palestrante-CANAL-DO-EDUCADOR.jpg\",\"keywords\":[\"caracter\u00edsticas\",\"educa\u00e7\u00e3o\",\"Porfessor\",\"valoriza\u00e7\u00e3o\"],\"articleSection\":[\"Cotidiano\",\"Educa\u00e7\u00e3o\",\"Marketing\"],\"inLanguage\":\"pt-BR\",\"potentialAction\":[{\"@type\":\"CommentAction\",\"name\":\"Comment\",\"target\":[\"https:\\\/\\\/cerbrum.com\\\/site\\\/8-caracteristicas-que-valorizam-o-professor\\\/#respond\"]}]},{\"@type\":\"WebPage\",\"@id\":\"https:\\\/\\\/cerbrum.com\\\/site\\\/8-caracteristicas-que-valorizam-o-professor\\\/\",\"url\":\"https:\\\/\\\/cerbrum.com\\\/site\\\/8-caracteristicas-que-valorizam-o-professor\\\/\",\"name\":\"8 CARACTER\u00cdSTICAS QUE VALORIZAM O PROFESSOR - Cerbrum\",\"isPartOf\":{\"@id\":\"https:\\\/\\\/cerbrum.com\\\/site\\\/#website\"},\"primaryImageOfPage\":{\"@id\":\"https:\\\/\\\/cerbrum.com\\\/site\\\/8-caracteristicas-que-valorizam-o-professor\\\/#primaryimage\"},\"image\":{\"@id\":\"https:\\\/\\\/cerbrum.com\\\/site\\\/8-caracteristicas-que-valorizam-o-professor\\\/#primaryimage\"},\"thumbnailUrl\":\"https:\\\/\\\/cerbrum.com\\\/site\\\/wp-content\\\/uploads\\\/2016\\\/05\\\/O-fim-do-Professor-Palestrante-CANAL-DO-EDUCADOR.jpg\",\"datePublished\":\"2016-05-05T19:33:19+00:00\",\"breadcrumb\":{\"@id\":\"https:\\\/\\\/cerbrum.com\\\/site\\\/8-caracteristicas-que-valorizam-o-professor\\\/#breadcrumb\"},\"inLanguage\":\"pt-BR\",\"potentialAction\":[{\"@type\":\"ReadAction\",\"target\":[\"https:\\\/\\\/cerbrum.com\\\/site\\\/8-caracteristicas-que-valorizam-o-professor\\\/\"]}]},{\"@type\":\"ImageObject\",\"inLanguage\":\"pt-BR\",\"@id\":\"https:\\\/\\\/cerbrum.com\\\/site\\\/8-caracteristicas-que-valorizam-o-professor\\\/#primaryimage\",\"url\":\"https:\\\/\\\/cerbrum.com\\\/site\\\/wp-content\\\/uploads\\\/2016\\\/05\\\/O-fim-do-Professor-Palestrante-CANAL-DO-EDUCADOR.jpg\",\"contentUrl\":\"https:\\\/\\\/cerbrum.com\\\/site\\\/wp-content\\\/uploads\\\/2016\\\/05\\\/O-fim-do-Professor-Palestrante-CANAL-DO-EDUCADOR.jpg\",\"width\":370,\"height\":251},{\"@type\":\"BreadcrumbList\",\"@id\":\"https:\\\/\\\/cerbrum.com\\\/site\\\/8-caracteristicas-que-valorizam-o-professor\\\/#breadcrumb\",\"itemListElement\":[{\"@type\":\"ListItem\",\"position\":1,\"name\":\"In\u00edcio\",\"item\":\"https:\\\/\\\/cerbrum.com\\\/site\\\/\"},{\"@type\":\"ListItem\",\"position\":2,\"name\":\"8 CARACTER\u00cdSTICAS QUE VALORIZAM O PROFESSOR\"}]},{\"@type\":\"WebSite\",\"@id\":\"https:\\\/\\\/cerbrum.com\\\/site\\\/#website\",\"url\":\"https:\\\/\\\/cerbrum.com\\\/site\\\/\",\"name\":\"Cerbrum\",\"description\":\"\",\"publisher\":{\"@id\":\"https:\\\/\\\/cerbrum.com\\\/site\\\/#organization\"},\"potentialAction\":[{\"@type\":\"SearchAction\",\"target\":{\"@type\":\"EntryPoint\",\"urlTemplate\":\"https:\\\/\\\/cerbrum.com\\\/site\\\/?s={search_term_string}\"},\"query-input\":{\"@type\":\"PropertyValueSpecification\",\"valueRequired\":true,\"valueName\":\"search_term_string\"}}],\"inLanguage\":\"pt-BR\"},{\"@type\":\"Organization\",\"@id\":\"https:\\\/\\\/cerbrum.com\\\/site\\\/#organization\",\"name\":\"Cerbrum\",\"url\":\"https:\\\/\\\/cerbrum.com\\\/site\\\/\",\"logo\":{\"@type\":\"ImageObject\",\"inLanguage\":\"pt-BR\",\"@id\":\"https:\\\/\\\/cerbrum.com\\\/site\\\/#\\\/schema\\\/logo\\\/image\\\/\",\"url\":\"https:\\\/\\\/cerbrum.com\\\/site\\\/wp-content\\\/uploads\\\/2016\\\/02\\\/logo-cerbrum-oficial.png\",\"contentUrl\":\"https:\\\/\\\/cerbrum.com\\\/site\\\/wp-content\\\/uploads\\\/2016\\\/02\\\/logo-cerbrum-oficial.png\",\"width\":325,\"height\":69,\"caption\":\"Cerbrum\"},\"image\":{\"@id\":\"https:\\\/\\\/cerbrum.com\\\/site\\\/#\\\/schema\\\/logo\\\/image\\\/\"}},{\"@type\":\"Person\",\"@id\":\"https:\\\/\\\/cerbrum.com\\\/site\\\/#\\\/schema\\\/person\\\/fde019585ffb539a6fb1b90c73eb5dc8\",\"name\":\"whatsite.me@gmail.com\",\"image\":{\"@type\":\"ImageObject\",\"inLanguage\":\"pt-BR\",\"@id\":\"https:\\\/\\\/cerbrum.com\\\/site\\\/wp-content\\\/litespeed\\\/avatar\\\/0c764b2b7d224bf9410260f818fcae1a.jpg?ver=1788311651\",\"url\":\"https:\\\/\\\/cerbrum.com\\\/site\\\/wp-content\\\/litespeed\\\/avatar\\\/0c764b2b7d224bf9410260f818fcae1a.jpg?ver=1788311651\",\"contentUrl\":\"https:\\\/\\\/cerbrum.com\\\/site\\\/wp-content\\\/litespeed\\\/avatar\\\/0c764b2b7d224bf9410260f818fcae1a.jpg?ver=1788311651\",\"caption\":\"whatsite.me@gmail.com\"},\"sameAs\":[\"https:\\\/\\\/cerbrum.com\\\/site\"],\"url\":\"https:\\\/\\\/cerbrum.com\\\/site\\\/author\\\/whatsite-megmail-com\\\/\"}]}<\/script>\n<!-- \/ Yoast SEO plugin. -->","yoast_head_json":{"title":"8 CARACTER\u00cdSTICAS QUE VALORIZAM O PROFESSOR - Cerbrum","robots":{"index":"index","follow":"follow","max-snippet":"max-snippet:-1","max-image-preview":"max-image-preview:large","max-video-preview":"max-video-preview:-1"},"canonical":"https:\/\/cerbrum.com\/site\/8-caracteristicas-que-valorizam-o-professor\/","og_locale":"pt_BR","og_type":"article","og_title":"8 CARACTER\u00cdSTICAS QUE VALORIZAM O PROFESSOR - Cerbrum","og_description":"&#8220;A autoaliena\u00e7\u00e3o come\u00e7a quando acreditamos em tudo, e o pior, sem questionar nada&#8230;&#8221; Afinal de contas, o que valoriza um docente? O Educador que n\u00e3o \u00e9 capaz de aprender com suas pr\u00f3prias limita\u00e7\u00f5es deve, com urg\u00eancia, mudar de profiss\u00e3o&#8230; A rede particular n\u00e3o promove concursos para escolha do corpo docente, e \u00e9 criteriosa na hora [&hellip;]","og_url":"https:\/\/cerbrum.com\/site\/8-caracteristicas-que-valorizam-o-professor\/","og_site_name":"Cerbrum","article_published_time":"2016-05-05T19:33:19+00:00","og_image":[{"width":370,"height":251,"url":"https:\/\/cerbrum.com\/site\/wp-content\/uploads\/2016\/05\/O-fim-do-Professor-Palestrante-CANAL-DO-EDUCADOR.jpg","type":"image\/jpeg"}],"author":"whatsite.me@gmail.com","twitter_card":"summary_large_image","twitter_misc":{"Escrito por":"whatsite.me@gmail.com","Est. tempo de leitura":"4 minutos"},"schema":{"@context":"https:\/\/schema.org","@graph":[{"@type":"Article","@id":"https:\/\/cerbrum.com\/site\/8-caracteristicas-que-valorizam-o-professor\/#article","isPartOf":{"@id":"https:\/\/cerbrum.com\/site\/8-caracteristicas-que-valorizam-o-professor\/"},"author":{"name":"whatsite.me@gmail.com","@id":"https:\/\/cerbrum.com\/site\/#\/schema\/person\/fde019585ffb539a6fb1b90c73eb5dc8"},"headline":"8 CARACTER\u00cdSTICAS QUE VALORIZAM O PROFESSOR","datePublished":"2016-05-05T19:33:19+00:00","mainEntityOfPage":{"@id":"https:\/\/cerbrum.com\/site\/8-caracteristicas-que-valorizam-o-professor\/"},"wordCount":716,"commentCount":0,"publisher":{"@id":"https:\/\/cerbrum.com\/site\/#organization"},"image":{"@id":"https:\/\/cerbrum.com\/site\/8-caracteristicas-que-valorizam-o-professor\/#primaryimage"},"thumbnailUrl":"https:\/\/cerbrum.com\/site\/wp-content\/uploads\/2016\/05\/O-fim-do-Professor-Palestrante-CANAL-DO-EDUCADOR.jpg","keywords":["caracter\u00edsticas","educa\u00e7\u00e3o","Porfessor","valoriza\u00e7\u00e3o"],"articleSection":["Cotidiano","Educa\u00e7\u00e3o","Marketing"],"inLanguage":"pt-BR","potentialAction":[{"@type":"CommentAction","name":"Comment","target":["https:\/\/cerbrum.com\/site\/8-caracteristicas-que-valorizam-o-professor\/#respond"]}]},{"@type":"WebPage","@id":"https:\/\/cerbrum.com\/site\/8-caracteristicas-que-valorizam-o-professor\/","url":"https:\/\/cerbrum.com\/site\/8-caracteristicas-que-valorizam-o-professor\/","name":"8 CARACTER\u00cdSTICAS QUE VALORIZAM O PROFESSOR - Cerbrum","isPartOf":{"@id":"https:\/\/cerbrum.com\/site\/#website"},"primaryImageOfPage":{"@id":"https:\/\/cerbrum.com\/site\/8-caracteristicas-que-valorizam-o-professor\/#primaryimage"},"image":{"@id":"https:\/\/cerbrum.com\/site\/8-caracteristicas-que-valorizam-o-professor\/#primaryimage"},"thumbnailUrl":"https:\/\/cerbrum.com\/site\/wp-content\/uploads\/2016\/05\/O-fim-do-Professor-Palestrante-CANAL-DO-EDUCADOR.jpg","datePublished":"2016-05-05T19:33:19+00:00","breadcrumb":{"@id":"https:\/\/cerbrum.com\/site\/8-caracteristicas-que-valorizam-o-professor\/#breadcrumb"},"inLanguage":"pt-BR","potentialAction":[{"@type":"ReadAction","target":["https:\/\/cerbrum.com\/site\/8-caracteristicas-que-valorizam-o-professor\/"]}]},{"@type":"ImageObject","inLanguage":"pt-BR","@id":"https:\/\/cerbrum.com\/site\/8-caracteristicas-que-valorizam-o-professor\/#primaryimage","url":"https:\/\/cerbrum.com\/site\/wp-content\/uploads\/2016\/05\/O-fim-do-Professor-Palestrante-CANAL-DO-EDUCADOR.jpg","contentUrl":"https:\/\/cerbrum.com\/site\/wp-content\/uploads\/2016\/05\/O-fim-do-Professor-Palestrante-CANAL-DO-EDUCADOR.jpg","width":370,"height":251},{"@type":"BreadcrumbList","@id":"https:\/\/cerbrum.com\/site\/8-caracteristicas-que-valorizam-o-professor\/#breadcrumb","itemListElement":[{"@type":"ListItem","position":1,"name":"In\u00edcio","item":"https:\/\/cerbrum.com\/site\/"},{"@type":"ListItem","position":2,"name":"8 CARACTER\u00cdSTICAS QUE VALORIZAM O PROFESSOR"}]},{"@type":"WebSite","@id":"https:\/\/cerbrum.com\/site\/#website","url":"https:\/\/cerbrum.com\/site\/","name":"Cerbrum","description":"","publisher":{"@id":"https:\/\/cerbrum.com\/site\/#organization"},"potentialAction":[{"@type":"SearchAction","target":{"@type":"EntryPoint","urlTemplate":"https:\/\/cerbrum.com\/site\/?s={search_term_string}"},"query-input":{"@type":"PropertyValueSpecification","valueRequired":true,"valueName":"search_term_string"}}],"inLanguage":"pt-BR"},{"@type":"Organization","@id":"https:\/\/cerbrum.com\/site\/#organization","name":"Cerbrum","url":"https:\/\/cerbrum.com\/site\/","logo":{"@type":"ImageObject","inLanguage":"pt-BR","@id":"https:\/\/cerbrum.com\/site\/#\/schema\/logo\/image\/","url":"https:\/\/cerbrum.com\/site\/wp-content\/uploads\/2016\/02\/logo-cerbrum-oficial.png","contentUrl":"https:\/\/cerbrum.com\/site\/wp-content\/uploads\/2016\/02\/logo-cerbrum-oficial.png","width":325,"height":69,"caption":"Cerbrum"},"image":{"@id":"https:\/\/cerbrum.com\/site\/#\/schema\/logo\/image\/"}},{"@type":"Person","@id":"https:\/\/cerbrum.com\/site\/#\/schema\/person\/fde019585ffb539a6fb1b90c73eb5dc8","name":"whatsite.me@gmail.com","image":{"@type":"ImageObject","inLanguage":"pt-BR","@id":"https:\/\/cerbrum.com\/site\/wp-content\/litespeed\/avatar\/0c764b2b7d224bf9410260f818fcae1a.jpg?ver=1788311651","url":"https:\/\/cerbrum.com\/site\/wp-content\/litespeed\/avatar\/0c764b2b7d224bf9410260f818fcae1a.jpg?ver=1788311651","contentUrl":"https:\/\/cerbrum.com\/site\/wp-content\/litespeed\/avatar\/0c764b2b7d224bf9410260f818fcae1a.jpg?ver=1788311651","caption":"whatsite.me@gmail.com"},"sameAs":["https:\/\/cerbrum.com\/site"],"url":"https:\/\/cerbrum.com\/site\/author\/whatsite-megmail-com\/"}]}},"uagb_featured_image_src":{"full":["https:\/\/cerbrum.com\/site\/wp-content\/uploads\/2016\/05\/O-fim-do-Professor-Palestrante-CANAL-DO-EDUCADOR.jpg",370,251,false],"thumbnail":["https:\/\/cerbrum.com\/site\/wp-content\/uploads\/2016\/05\/O-fim-do-Professor-Palestrante-CANAL-DO-EDUCADOR-150x150.jpg",150,150,true],"medium":["https:\/\/cerbrum.com\/site\/wp-content\/uploads\/2016\/05\/O-fim-do-Professor-Palestrante-CANAL-DO-EDUCADOR-300x204.jpg",300,204,true],"medium_large":["https:\/\/cerbrum.com\/site\/wp-content\/uploads\/2016\/05\/O-fim-do-Professor-Palestrante-CANAL-DO-EDUCADOR.jpg",370,251,false],"large":["https:\/\/cerbrum.com\/site\/wp-content\/uploads\/2016\/05\/O-fim-do-Professor-Palestrante-CANAL-DO-EDUCADOR.jpg",370,251,false],"1536x1536":["https:\/\/cerbrum.com\/site\/wp-content\/uploads\/2016\/05\/O-fim-do-Professor-Palestrante-CANAL-DO-EDUCADOR.jpg",370,251,false],"2048x2048":["https:\/\/cerbrum.com\/site\/wp-content\/uploads\/2016\/05\/O-fim-do-Professor-Palestrante-CANAL-DO-EDUCADOR.jpg",370,251,false]},"uagb_author_info":{"display_name":"whatsite.me@gmail.com","author_link":"https:\/\/cerbrum.com\/site\/author\/whatsite-megmail-com\/"},"uagb_comment_info":1,"uagb_excerpt":"&#8220;A autoaliena\u00e7\u00e3o come\u00e7a quando acreditamos em tudo, e o pior, sem questionar nada&#8230;&#8221; Afinal de contas, o que valoriza um docente? O Educador que n\u00e3o \u00e9 capaz de aprender com suas pr\u00f3prias limita\u00e7\u00f5es deve, com urg\u00eancia, mudar de profiss\u00e3o&#8230; A rede particular n\u00e3o promove concursos para escolha do corpo docente, e \u00e9 criteriosa na hora&hellip;","jetpack_featured_media_url":"https:\/\/cerbrum.com\/site\/wp-content\/uploads\/2016\/05\/O-fim-do-Professor-Palestrante-CANAL-DO-EDUCADOR.jpg","_links":{"self":[{"href":"https:\/\/cerbrum.com\/site\/wp-json\/wp\/v2\/posts\/4302","targetHints":{"allow":["GET"]}}],"collection":[{"href":"https:\/\/cerbrum.com\/site\/wp-json\/wp\/v2\/posts"}],"about":[{"href":"https:\/\/cerbrum.com\/site\/wp-json\/wp\/v2\/types\/post"}],"author":[{"embeddable":true,"href":"https:\/\/cerbrum.com\/site\/wp-json\/wp\/v2\/users\/1"}],"replies":[{"embeddable":true,"href":"https:\/\/cerbrum.com\/site\/wp-json\/wp\/v2\/comments?post=4302"}],"version-history":[{"count":0,"href":"https:\/\/cerbrum.com\/site\/wp-json\/wp\/v2\/posts\/4302\/revisions"}],"wp:featuredmedia":[{"embeddable":true,"href":"https:\/\/cerbrum.com\/site\/wp-json\/wp\/v2\/media\/4304"}],"wp:attachment":[{"href":"https:\/\/cerbrum.com\/site\/wp-json\/wp\/v2\/media?parent=4302"}],"wp:term":[{"taxonomy":"category","embeddable":true,"href":"https:\/\/cerbrum.com\/site\/wp-json\/wp\/v2\/categories?post=4302"},{"taxonomy":"post_tag","embeddable":true,"href":"https:\/\/cerbrum.com\/site\/wp-json\/wp\/v2\/tags?post=4302"}],"curies":[{"name":"wp","href":"https:\/\/api.w.org\/{rel}","templated":true}]}}